{"id":490,"date":"2019-12-02T10:25:24","date_gmt":"2019-12-02T09:25:24","guid":{"rendered":"http:\/\/rqh.be\/?p=490"},"modified":"2022-01-14T14:09:25","modified_gmt":"2022-01-14T13:09:25","slug":"la-rqh-au-salon-du-bien-etre-de-herstal","status":"publish","type":"post","link":"https:\/\/rqh.be\/index.php\/2019\/12\/02\/la-rqh-au-salon-du-bien-etre-de-herstal\/","title":{"rendered":"La RQH au salon du bien-\u00eatre de Herstal"},"content":{"rendered":"\n<p> La RQH et ses charg\u00e9es de projet au Salon du bien-\u00eatre de Herstal, c&rsquo;\u00e9tait hier et c&rsquo;\u00e9tait super&nbsp;\ud83d\ude0e&nbsp;Elles ont propos\u00e9 des ateliers pour la composition de produits d&rsquo;entretien m\u00e9nagers naturels, entre autres choses. On apprend, on s&rsquo;amuse et on prend soin de son environnement en faisant de petites \u00e9conomies&#8230; Merci au&nbsp;<a href=\"https:\/\/www.facebook.com\/pcs.villedeherstal?__tn__=%2CdK-R-R&amp;eid=ARBb-BLZ0O4AH_YIcIffh-Yv2vYBYt1nWOq_AlgwywUW5S72MNjwf-p1GPJHqw6vXZEZcQMGc2JJOBtf&amp;fref=mentions\">Pcs Herstal<\/a>&nbsp;pour l&rsquo;organisation au top&nbsp;\ud83d\udc4f <\/p>\n\n\n\n<p><\/p>\n\n\n\n<figure class=\"wp-block-image size-large\"><img fetchpriority=\"high\" decoding=\"async\" width=\"720\" height=\"960\" src=\"http:\/\/rqh.be\/wp-content\/uploads\/2019\/12\/78130963_2477161415686244_4077278192862232576_n.jpg\" alt=\"\" class=\"wp-image-491\" srcset=\"https:\/\/rqh.be\/wp-content\/uploads\/2019\/12\/78130963_2477161415686244_4077278192862232576_n.jpg 720w, https:\/\/rqh.be\/wp-content\/uploads\/2019\/12\/78130963_2477161415686244_4077278192862232576_n-225x300.jpg 225w\" sizes=\"(max-width: 720px) 100vw, 720px\" \/><\/figure>\n","protected":false},"excerpt":{"rendered":"<p>La RQH et ses charg\u00e9es de projet au Salon du bien-\u00eatre de Herstal, c&rsquo;\u00e9tait hier et c&rsquo;\u00e9tait super&nbsp;\ud83d\ude0e&nbsp;Elles ont propos\u00e9 des ateliers pour la composition de produits d&rsquo;entretien m\u00e9nagers naturels, entre autres choses. On apprend, on s&rsquo;amuse et on prend soin de son environnement en faisant de petites \u00e9conomies&#8230; Merci au&nbsp;Pcs Herstal&nbsp;pour l&rsquo;organisation au top&nbsp;\ud83d\udc4f<\/p>\n","protected":false},"author":1,"featured_media":0,"comment_status":"closed","ping_status":"closed","sticky":false,"template":"","format":"standard","meta":{"footnotes":""},"categories":[1],"tags":[],"class_list":["post-490","post","type-post","status-publish","format-standard","hentry","category-non-classe"],"yoast_head":"<!-- This site is optimized with the Yoast SEO plugin v24.5 - https:\/\/yoast.com\/wordpress\/plugins\/seo\/ -->\n<title>La RQH au salon du bien-\u00eatre de Herstal - R\u00e9gie des quartiers de Herstal<\/title>\n<meta name=\"robots\" content=\"index, follow, max-snippet:-1, max-image-preview:large, max-video-preview:-1\" \/>\n<link rel=\"canonical\" href=\"https:\/\/rqh.be\/index.php\/2019\/12\/02\/la-rqh-au-salon-du-bien-etre-de-herstal\/\" \/>\n<meta property=\"og:locale\" content=\"fr_FR\" \/>\n<meta property=\"og:type\" content=\"article\" \/>\n<meta property=\"og:title\" content=\"La RQH au salon du bien-\u00eatre de Herstal - R\u00e9gie des quartiers de Herstal\" \/>\n<meta property=\"og:description\" content=\"La RQH et ses charg\u00e9es de projet au Salon du bien-\u00eatre de Herstal, c&rsquo;\u00e9tait hier et c&rsquo;\u00e9tait super&nbsp;\ud83d\ude0e&nbsp;Elles ont propos\u00e9 des ateliers pour la composition de produits d&rsquo;entretien m\u00e9nagers naturels, entre autres choses. On apprend, on s&rsquo;amuse et on prend soin de son environnement en faisant de petites \u00e9conomies&#8230; Merci au&nbsp;Pcs Herstal&nbsp;pour l&rsquo;organisation au top&nbsp;\ud83d\udc4f\" \/>\n<meta property=\"og:url\" content=\"https:\/\/rqh.be\/index.php\/2019\/12\/02\/la-rqh-au-salon-du-bien-etre-de-herstal\/\" \/>\n<meta property=\"og:site_name\" content=\"R\u00e9gie des quartiers de Herstal\" \/>\n<meta property=\"article:published_time\" content=\"2019-12-02T09:25:24+00:00\" \/>\n<meta property=\"article:modified_time\" content=\"2022-01-14T13:09:25+00:00\" \/>\n<meta property=\"og:image\" content=\"http:\/\/rqh.be\/wp-content\/uploads\/2019\/12\/78130963_2477161415686244_4077278192862232576_n.jpg\" \/>\n<meta name=\"author\" content=\"admin9912\" \/>\n<meta name=\"twitter:card\" content=\"summary_large_image\" \/>\n<meta name=\"twitter:label1\" content=\"\u00c9crit par\" \/>\n\t<meta name=\"twitter:data1\" content=\"admin9912\" \/>\n<script type=\"application\/ld+json\" class=\"yoast-schema-graph\">{\"@context\":\"https:\/\/schema.org\",\"@graph\":[{\"@type\":\"WebPage\",\"@id\":\"https:\/\/rqh.be\/index.php\/2019\/12\/02\/la-rqh-au-salon-du-bien-etre-de-herstal\/\",\"url\":\"https:\/\/rqh.be\/index.php\/2019\/12\/02\/la-rqh-au-salon-du-bien-etre-de-herstal\/\",\"name\":\"La RQH au salon du bien-\u00eatre de Herstal - R\u00e9gie des quartiers de Herstal\",\"isPartOf\":{\"@id\":\"https:\/\/rqh.be\/#website\"},\"primaryImageOfPage\":{\"@id\":\"https:\/\/rqh.be\/index.php\/2019\/12\/02\/la-rqh-au-salon-du-bien-etre-de-herstal\/#primaryimage\"},\"image\":{\"@id\":\"https:\/\/rqh.be\/index.php\/2019\/12\/02\/la-rqh-au-salon-du-bien-etre-de-herstal\/#primaryimage\"},\"thumbnailUrl\":\"http:\/\/rqh.be\/wp-content\/uploads\/2019\/12\/78130963_2477161415686244_4077278192862232576_n.jpg\",\"datePublished\":\"2019-12-02T09:25:24+00:00\",\"dateModified\":\"2022-01-14T13:09:25+00:00\",\"author\":{\"@id\":\"https:\/\/rqh.be\/#\/schema\/person\/b1f65b886b7d885b3f07db223d6c248c\"},\"breadcrumb\":{\"@id\":\"https:\/\/rqh.be\/index.php\/2019\/12\/02\/la-rqh-au-salon-du-bien-etre-de-herstal\/#breadcrumb\"},\"inLanguage\":\"fr-FR\",\"potentialAction\":[{\"@type\":\"ReadAction\",\"target\":[\"https:\/\/rqh.be\/index.php\/2019\/12\/02\/la-rqh-au-salon-du-bien-etre-de-herstal\/\"]}]},{\"@type\":\"ImageObject\",\"inLanguage\":\"fr-FR\",\"@id\":\"https:\/\/rqh.be\/index.php\/2019\/12\/02\/la-rqh-au-salon-du-bien-etre-de-herstal\/#primaryimage\",\"url\":\"https:\/\/rqh.be\/wp-content\/uploads\/2019\/12\/78130963_2477161415686244_4077278192862232576_n.jpg\",\"contentUrl\":\"https:\/\/rqh.be\/wp-content\/uploads\/2019\/12\/78130963_2477161415686244_4077278192862232576_n.jpg\",\"width\":720,\"height\":960},{\"@type\":\"BreadcrumbList\",\"@id\":\"https:\/\/rqh.be\/index.php\/2019\/12\/02\/la-rqh-au-salon-du-bien-etre-de-herstal\/#breadcrumb\",\"itemListElement\":[{\"@type\":\"ListItem\",\"position\":1,\"name\":\"Accueil\",\"item\":\"https:\/\/rqh.be\/\"},{\"@type\":\"ListItem\",\"position\":2,\"name\":\"La RQH au salon du bien-\u00eatre de Herstal\"}]},{\"@type\":\"WebSite\",\"@id\":\"https:\/\/rqh.be\/#website\",\"url\":\"https:\/\/rqh.be\/\",\"name\":\"R\u00e9gie des quartiers de Herstal\",\"description\":\"Plus proches de vous\",\"potentialAction\":[{\"@type\":\"SearchAction\",\"target\":{\"@type\":\"EntryPoint\",\"urlTemplate\":\"https:\/\/rqh.be\/?s={search_term_string}\"},\"query-input\":{\"@type\":\"PropertyValueSpecification\",\"valueRequired\":true,\"valueName\":\"search_term_string\"}}],\"inLanguage\":\"fr-FR\"},{\"@type\":\"Person\",\"@id\":\"https:\/\/rqh.be\/#\/schema\/person\/b1f65b886b7d885b3f07db223d6c248c\",\"name\":\"admin9912\",\"image\":{\"@type\":\"ImageObject\",\"inLanguage\":\"fr-FR\",\"@id\":\"https:\/\/rqh.be\/#\/schema\/person\/image\/\",\"url\":\"https:\/\/secure.gravatar.com\/avatar\/4b326ea19607f0294abfb353550795e3?s=96&d=mm&r=g\",\"contentUrl\":\"https:\/\/secure.gravatar.com\/avatar\/4b326ea19607f0294abfb353550795e3?s=96&d=mm&r=g\",\"caption\":\"admin9912\"},\"url\":\"https:\/\/rqh.be\/index.php\/author\/admin9912\/\"}]}<\/script>\n<!-- \/ Yoast SEO plugin. -->","yoast_head_json":{"title":"La RQH au salon du bien-\u00eatre de Herstal - R\u00e9gie des quartiers de Herstal","robots":{"index":"index","follow":"follow","max-snippet":"max-snippet:-1","max-image-preview":"max-image-preview:large","max-video-preview":"max-video-preview:-1"},"canonical":"https:\/\/rqh.be\/index.php\/2019\/12\/02\/la-rqh-au-salon-du-bien-etre-de-herstal\/","og_locale":"fr_FR","og_type":"article","og_title":"La RQH au salon du bien-\u00eatre de Herstal - R\u00e9gie des quartiers de Herstal","og_description":"La RQH et ses charg\u00e9es de projet au Salon du bien-\u00eatre de Herstal, c&rsquo;\u00e9tait hier et c&rsquo;\u00e9tait super&nbsp;\ud83d\ude0e&nbsp;Elles ont propos\u00e9 des ateliers pour la composition de produits d&rsquo;entretien m\u00e9nagers naturels, entre autres choses. On apprend, on s&rsquo;amuse et on prend soin de son environnement en faisant de petites \u00e9conomies&#8230; Merci au&nbsp;Pcs Herstal&nbsp;pour l&rsquo;organisation au top&nbsp;\ud83d\udc4f","og_url":"https:\/\/rqh.be\/index.php\/2019\/12\/02\/la-rqh-au-salon-du-bien-etre-de-herstal\/","og_site_name":"R\u00e9gie des quartiers de Herstal","article_published_time":"2019-12-02T09:25:24+00:00","article_modified_time":"2022-01-14T13:09:25+00:00","og_image":[{"url":"http:\/\/rqh.be\/wp-content\/uploads\/2019\/12\/78130963_2477161415686244_4077278192862232576_n.jpg","type":"","width":"","height":""}],"author":"admin9912","twitter_card":"summary_large_image","twitter_misc":{"\u00c9crit par":"admin9912"},"schema":{"@context":"https:\/\/schema.org","@graph":[{"@type":"WebPage","@id":"https:\/\/rqh.be\/index.php\/2019\/12\/02\/la-rqh-au-salon-du-bien-etre-de-herstal\/","url":"https:\/\/rqh.be\/index.php\/2019\/12\/02\/la-rqh-au-salon-du-bien-etre-de-herstal\/","name":"La RQH au salon du bien-\u00eatre de Herstal - R\u00e9gie des quartiers de Herstal","isPartOf":{"@id":"https:\/\/rqh.be\/#website"},"primaryImageOfPage":{"@id":"https:\/\/rqh.be\/index.php\/2019\/12\/02\/la-rqh-au-salon-du-bien-etre-de-herstal\/#primaryimage"},"image":{"@id":"https:\/\/rqh.be\/index.php\/2019\/12\/02\/la-rqh-au-salon-du-bien-etre-de-herstal\/#primaryimage"},"thumbnailUrl":"http:\/\/rqh.be\/wp-content\/uploads\/2019\/12\/78130963_2477161415686244_4077278192862232576_n.jpg","datePublished":"2019-12-02T09:25:24+00:00","dateModified":"2022-01-14T13:09:25+00:00","author":{"@id":"https:\/\/rqh.be\/#\/schema\/person\/b1f65b886b7d885b3f07db223d6c248c"},"breadcrumb":{"@id":"https:\/\/rqh.be\/index.php\/2019\/12\/02\/la-rqh-au-salon-du-bien-etre-de-herstal\/#breadcrumb"},"inLanguage":"fr-FR","potentialAction":[{"@type":"ReadAction","target":["https:\/\/rqh.be\/index.php\/2019\/12\/02\/la-rqh-au-salon-du-bien-etre-de-herstal\/"]}]},{"@type":"ImageObject","inLanguage":"fr-FR","@id":"https:\/\/rqh.be\/index.php\/2019\/12\/02\/la-rqh-au-salon-du-bien-etre-de-herstal\/#primaryimage","url":"https:\/\/rqh.be\/wp-content\/uploads\/2019\/12\/78130963_2477161415686244_4077278192862232576_n.jpg","contentUrl":"https:\/\/rqh.be\/wp-content\/uploads\/2019\/12\/78130963_2477161415686244_4077278192862232576_n.jpg","width":720,"height":960},{"@type":"BreadcrumbList","@id":"https:\/\/rqh.be\/index.php\/2019\/12\/02\/la-rqh-au-salon-du-bien-etre-de-herstal\/#breadcrumb","itemListElement":[{"@type":"ListItem","position":1,"name":"Accueil","item":"https:\/\/rqh.be\/"},{"@type":"ListItem","position":2,"name":"La RQH au salon du bien-\u00eatre de Herstal"}]},{"@type":"WebSite","@id":"https:\/\/rqh.be\/#website","url":"https:\/\/rqh.be\/","name":"R\u00e9gie des quartiers de Herstal","description":"Plus proches de vous","potentialAction":[{"@type":"SearchAction","target":{"@type":"EntryPoint","urlTemplate":"https:\/\/rqh.be\/?s={search_term_string}"},"query-input":{"@type":"PropertyValueSpecification","valueRequired":true,"valueName":"search_term_string"}}],"inLanguage":"fr-FR"},{"@type":"Person","@id":"https:\/\/rqh.be\/#\/schema\/person\/b1f65b886b7d885b3f07db223d6c248c","name":"admin9912","image":{"@type":"ImageObject","inLanguage":"fr-FR","@id":"https:\/\/rqh.be\/#\/schema\/person\/image\/","url":"https:\/\/secure.gravatar.com\/avatar\/4b326ea19607f0294abfb353550795e3?s=96&d=mm&r=g","contentUrl":"https:\/\/secure.gravatar.com\/avatar\/4b326ea19607f0294abfb353550795e3?s=96&d=mm&r=g","caption":"admin9912"},"url":"https:\/\/rqh.be\/index.php\/author\/admin9912\/"}]}},"_links":{"self":[{"href":"https:\/\/rqh.be\/index.php\/wp-json\/wp\/v2\/posts\/490","targetHints":{"allow":["GET"]}}],"collection":[{"href":"https:\/\/rqh.be\/index.php\/wp-json\/wp\/v2\/posts"}],"about":[{"href":"https:\/\/rqh.be\/index.php\/wp-json\/wp\/v2\/types\/post"}],"author":[{"embeddable":true,"href":"https:\/\/rqh.be\/index.php\/wp-json\/wp\/v2\/users\/1"}],"replies":[{"embeddable":true,"href":"https:\/\/rqh.be\/index.php\/wp-json\/wp\/v2\/comments?post=490"}],"version-history":[{"count":4,"href":"https:\/\/rqh.be\/index.php\/wp-json\/wp\/v2\/posts\/490\/revisions"}],"predecessor-version":[{"id":515,"href":"https:\/\/rqh.be\/index.php\/wp-json\/wp\/v2\/posts\/490\/revisions\/515"}],"wp:attachment":[{"href":"https:\/\/rqh.be\/index.php\/wp-json\/wp\/v2\/media?parent=490"}],"wp:term":[{"taxonomy":"category","embeddable":true,"href":"https:\/\/rqh.be\/index.php\/wp-json\/wp\/v2\/categories?post=490"},{"taxonomy":"post_tag","embeddable":true,"href":"https:\/\/rqh.be\/index.php\/wp-json\/wp\/v2\/tags?post=490"}],"curies":[{"name":"wp","href":"https:\/\/api.w.org\/{rel}","templated":true}]}}